{"id":6447,"date":"2025-05-30T13:41:16","date_gmt":"2025-05-30T13:41:16","guid":{"rendered":"https:\/\/isee-one.com\/?p=6447"},"modified":"2025-06-02T08:59:19","modified_gmt":"2025-06-02T08:59:19","slug":"isee-technologie-et-inclusion-la-stampa-met-en-avant-notre-reussite","status":"publish","type":"post","link":"https:\/\/isee-one.com\/fr\/isee-technologie-et-inclusion-la-stampa-met-en-avant-notre-reussite\/","title":{"rendered":"iSee, technologie et inclusion : La Stampa met en avant notre r\u00e9ussite"},"content":{"rendered":"<p>La Stampa consacre un article aux lunettes iSee, notre dispositif technologique Made in Italy qui am\u00e9liore la mobilit\u00e9 et l\u2019autonomie des personnes aveugles. Gr\u00e2ce \u00e0 son enregistrement officiel comme Dispositif M\u00e9dical de Classe 1, iSee offre de nouvelles possibilit\u00e9s concr\u00e8tes pour accompagner le handicap visuel.<\/p>\n<p><img fetchpriority=\"high\" decoding=\"async\" class=\"size-full wp-image-6332 aligncenter\" src=\"https:\/\/isee-one.com\/wp-content\/uploads\/2025\/05\/LaStampa.webp\" alt=\"\" width=\"1280\" height=\"1811\" srcset=\"https:\/\/isee-one.com\/wp-content\/uploads\/2025\/05\/LaStampa.webp 1280w, https:\/\/isee-one.com\/wp-content\/uploads\/2025\/05\/LaStampa-212x300.webp 212w, https:\/\/isee-one.com\/wp-content\/uploads\/2025\/05\/LaStampa-724x1024.webp 724w, https:\/\/isee-one.com\/wp-content\/uploads\/2025\/05\/LaStampa-768x1087.webp 768w, https:\/\/isee-one.com\/wp-content\/uploads\/2025\/05\/LaStampa-1086x1536.webp 1086w, https:\/\/isee-one.com\/wp-content\/uploads\/2025\/05\/LaStampa-600x849.webp 600w\" sizes=\"(max-width: 1280px) 100vw, 1280px\" \/><\/p>\n<p style=\"text-align: center;\">\ud83d\udd17 <a href=\"https:\/\/finanza.lastampa.it\/News\/2025\/05\/29\/ivision-tech-occhiali-tecnologici-isee-registrati-come-dispositivo-medico\/MTU1XzIwMjUtMDUtMjlfVE\" target=\"_blank\" rel=\"noopener\">LIEN DE L\u2019ARTICLE<\/a><\/p>\n<p style=\"text-align: center;\">\ud83d\udd17 <a href=\"https:\/\/isee-one.com\/wp-content\/uploads\/2025\/05\/LaStampa.pdf\" target=\"_blank\" rel=\"noopener\">LIEN PDF T\u00c9L\u00c9CHARGEABLE<\/a><\/p>\n","protected":false},"excerpt":{"rendered":"<p>La Stampa consacre un article aux lunettes iSee, notre dispositif technologique Made in Italy qui am\u00e9liore la mobilit\u00e9 et l\u2019autonomie des personnes aveugles. Gr\u00e2ce \u00e0 son enregistrement officiel comme Dispositif M\u00e9dical de Classe 1, iSee offre de nouvelles possibilit\u00e9s concr\u00e8tes pour accompagner le handicap visuel. \ud83d\udd17 LIEN DE L\u2019ARTICLE \ud83d\udd17 LIEN PDF T\u00c9L\u00c9CHARGEABLE<\/p>\n","protected":false},"author":1,"featured_media":6337,"comment_status":"open","ping_status":"open","sticky":false,"template":"","format":"standard","meta":{"footnotes":""},"categories":[78],"tags":[],"class_list":["post-6447","post","type-post","status-publish","format-standard","has-post-thumbnail","hentry","category-press-fr"],"_links":{"self":[{"href":"https:\/\/isee-one.com\/fr\/wp-json\/wp\/v2\/posts\/6447","targetHints":{"allow":["GET"]}}],"collection":[{"href":"https:\/\/isee-one.com\/fr\/wp-json\/wp\/v2\/posts"}],"about":[{"href":"https:\/\/isee-one.com\/fr\/wp-json\/wp\/v2\/types\/post"}],"author":[{"embeddable":true,"href":"https:\/\/isee-one.com\/fr\/wp-json\/wp\/v2\/users\/1"}],"replies":[{"embeddable":true,"href":"https:\/\/isee-one.com\/fr\/wp-json\/wp\/v2\/comments?post=6447"}],"version-history":[{"count":2,"href":"https:\/\/isee-one.com\/fr\/wp-json\/wp\/v2\/posts\/6447\/revisions"}],"predecessor-version":[{"id":6449,"href":"https:\/\/isee-one.com\/fr\/wp-json\/wp\/v2\/posts\/6447\/revisions\/6449"}],"wp:featuredmedia":[{"embeddable":true,"href":"https:\/\/isee-one.com\/fr\/wp-json\/wp\/v2\/media\/6337"}],"wp:attachment":[{"href":"https:\/\/isee-one.com\/fr\/wp-json\/wp\/v2\/media?parent=6447"}],"wp:term":[{"taxonomy":"category","embeddable":true,"href":"https:\/\/isee-one.com\/fr\/wp-json\/wp\/v2\/categories?post=6447"},{"taxonomy":"post_tag","embeddable":true,"href":"https:\/\/isee-one.com\/fr\/wp-json\/wp\/v2\/tags?post=6447"}],"curies":[{"name":"wp","href":"https:\/\/api.w.org\/{rel}","templated":true}]}}