{"id":6195,"date":"2025-02-26T09:49:51","date_gmt":"2025-02-26T09:49:51","guid":{"rendered":"https:\/\/isee-one.com\/interview-sur-studio-aperto-italia-1-a-propos-de-isee-le-22-fevrier-2025-a-12h30\/"},"modified":"2025-06-03T08:44:33","modified_gmt":"2025-06-03T08:44:33","slug":"interview-sur-studio-aperto-italia-1-a-propos-de-isee-le-22-fevrier-2025-a-12h30","status":"publish","type":"post","link":"https:\/\/isee-one.com\/fr\/interview-sur-studio-aperto-italia-1-a-propos-de-isee-le-22-fevrier-2025-a-12h30\/","title":{"rendered":"Interview sur Studio Aperto &#8211; Italia 1 &#8211; \u00e0 propos de iSee, le 22 f\u00e9vrier 2025 \u00e0 12h30"},"content":{"rendered":"\t\t<div data-elementor-type=\"wp-post\" data-elementor-id=\"6195\" class=\"elementor elementor-6195 elementor-4179\" data-elementor-post-type=\"post\">\n\t\t\t\t<div class=\"elementor-element elementor-element-0f36f5f e-flex e-con-boxed e-con e-parent\" data-id=\"0f36f5f\" data-element_type=\"container\">\n\t\t\t\t\t<div class=\"e-con-inner\">\n\t\t\t\t<div class=\"elementor-element elementor-element-bb69d63 elementor-widget elementor-widget-text-editor\" data-id=\"bb69d63\" data-element_type=\"widget\" data-widget_type=\"text-editor.default\">\n\t\t\t\t<div class=\"elementor-widget-container\">\n\t\t\t\t\t\t\t\t\t<p>Exclusivit\u00e9 sur <strong>Studio Aperto &#8211; Italia 1<\/strong>, la pr\u00e9sentation officielle de <strong>iSee<\/strong>, les lunettes technologiques innovantes con\u00e7ues pour am\u00e9liorer l\u2019autonomie des personnes aveugles.<\/p>\n<p>Le PDG Stefano Fulchir, accompagn\u00e9 du pr\u00e9sident du comit\u00e9 technique iSee Vincenzo Zoccano et du chef de projet Federico Fulchir, expliquera les caract\u00e9ristiques techniques du produit ainsi que son impact sur <strong>l\u2019accessibilit\u00e9 et l\u2019inclusion.<\/strong> Un projet r\u00e9volutionnaire qui marque une avanc\u00e9e <strong>majeure dans la technologie d\u2019assistance.<\/strong> <\/p>\n<p>Studio Aperto \u2013 22 f\u00e9vrier 2025, \u00e0 12h30.<\/p>\n\t\t\t\t\t\t\t\t<\/div>\n\t\t\t\t<\/div>\n\t\t\t\t\t<\/div>\n\t\t\t\t<\/div>\n\t\t<div class=\"elementor-element elementor-element-64a3aee e-flex e-con-boxed e-con e-parent\" data-id=\"64a3aee\" data-element_type=\"container\">\n\t\t\t\t\t<div class=\"e-con-inner\">\n\t\t\t\t<div class=\"elementor-element elementor-element-d961fa6 elementor-widget elementor-widget-video\" data-id=\"d961fa6\" data-element_type=\"widget\" data-settings=\"{&quot;youtube_url&quot;:&quot;https:\\\/\\\/youtu.be\\\/q52AE4Nmz9A&quot;,&quot;video_type&quot;:&quot;youtube&quot;,&quot;controls&quot;:&quot;yes&quot;}\" data-widget_type=\"video.default\">\n\t\t\t\t<div class=\"elementor-widget-container\">\n\t\t\t\t\t\t\t<div class=\"elementor-wrapper elementor-open-inline\">\n\t\t\t<div class=\"elementor-video\"><\/div>\t\t<\/div>\n\t\t\t\t\t\t<\/div>\n\t\t\t\t<\/div>\n\t\t\t\t\t<\/div>\n\t\t\t\t<\/div>\n\t\t\t\t<\/div>\n\t\t","protected":false},"excerpt":{"rendered":"<p>Exclusivit\u00e9 sur Studio Aperto &#8211; Italia 1, la pr\u00e9sentation officielle de iSee, les lunettes technologiques innovantes con\u00e7ues pour am\u00e9liorer l\u2019autonomie des personnes aveugles. Le PDG Stefano Fulchir, accompagn\u00e9 du pr\u00e9sident du comit\u00e9 technique iSee Vincenzo Zoccano et du chef de projet Federico Fulchir, expliquera les caract\u00e9ristiques techniques du produit ainsi que son impact sur l\u2019accessibilit\u00e9 [&hellip;]<\/p>\n","protected":false},"author":1,"featured_media":6017,"comment_status":"open","ping_status":"open","sticky":false,"template":"","format":"standard","meta":{"footnotes":""},"categories":[78,74],"tags":[],"class_list":["post-6195","post","type-post","status-publish","format-standard","has-post-thumbnail","hentry","category-press-fr","category-news-fr"],"_links":{"self":[{"href":"https:\/\/isee-one.com\/fr\/wp-json\/wp\/v2\/posts\/6195","targetHints":{"allow":["GET"]}}],"collection":[{"href":"https:\/\/isee-one.com\/fr\/wp-json\/wp\/v2\/posts"}],"about":[{"href":"https:\/\/isee-one.com\/fr\/wp-json\/wp\/v2\/types\/post"}],"author":[{"embeddable":true,"href":"https:\/\/isee-one.com\/fr\/wp-json\/wp\/v2\/users\/1"}],"replies":[{"embeddable":true,"href":"https:\/\/isee-one.com\/fr\/wp-json\/wp\/v2\/comments?post=6195"}],"version-history":[{"count":7,"href":"https:\/\/isee-one.com\/fr\/wp-json\/wp\/v2\/posts\/6195\/revisions"}],"predecessor-version":[{"id":6491,"href":"https:\/\/isee-one.com\/fr\/wp-json\/wp\/v2\/posts\/6195\/revisions\/6491"}],"wp:featuredmedia":[{"embeddable":true,"href":"https:\/\/isee-one.com\/fr\/wp-json\/wp\/v2\/media\/6017"}],"wp:attachment":[{"href":"https:\/\/isee-one.com\/fr\/wp-json\/wp\/v2\/media?parent=6195"}],"wp:term":[{"taxonomy":"category","embeddable":true,"href":"https:\/\/isee-one.com\/fr\/wp-json\/wp\/v2\/categories?post=6195"},{"taxonomy":"post_tag","embeddable":true,"href":"https:\/\/isee-one.com\/fr\/wp-json\/wp\/v2\/tags?post=6195"}],"curies":[{"name":"wp","href":"https:\/\/api.w.org\/{rel}","templated":true}]}}