{"id":6187,"date":"2025-02-11T20:46:46","date_gmt":"2025-02-11T20:46:46","guid":{"rendered":"https:\/\/isee-one.com\/isee-one-the-technological-innovation-for-the-blind-debuts-at-mido\/"},"modified":"2025-05-29T12:25:32","modified_gmt":"2025-05-29T12:25:32","slug":"isee-one-linnovation-technologique-pour-les-aveugles-fait-ses-debuts-au-mido","status":"publish","type":"post","link":"https:\/\/isee-one.com\/fr\/isee-one-linnovation-technologique-pour-les-aveugles-fait-ses-debuts-au-mido\/","title":{"rendered":"iSee One : l\u2019innovation technologique pour les aveugles fait ses d\u00e9buts au MIDO"},"content":{"rendered":"<p><strong>De iVision Tech vient une r\u00e9volution en mati\u00e8re d\u2019accessibilit\u00e9 : <strong>iSee One<\/strong>, les premi\u00e8res lunettes intelligentes d\u2019assistance enti\u00e8rement con\u00e7ues et fabriqu\u00e9es en Italie, ont \u00e9t\u00e9 pr\u00e9sent\u00e9es officiellement au <strong>MIDO \u2013 Salon international de l\u2019optique<\/strong> du 8 au 10 f\u00e9vrier \u00e0 Milan.<\/strong><\/p>\n<h3><strong>Une innovation pour la mobilit\u00e9 et la s\u00e9curit\u00e9<\/strong><\/h3>\n<p><i>iSee One<\/i> permet aux utilisateurs de percevoir leur environnement jusqu\u2019\u00e0 <strong>4 m\u00e8tres<\/strong>, d\u00e9tectant jusqu\u2019\u00e0 <strong>30 obstacles<\/strong> gr\u00e2ce \u00e0 une technologie avanc\u00e9e de balayage et de transmission audio. Ultra-l\u00e9g\u00e8res (seulement <strong>30 grammes<\/strong>), intuitives \u00e0 utiliser et \u00e9quip\u00e9es de verres photochromiques, ces lunettes repr\u00e9sentent une avanc\u00e9e significative pour l\u2019autonomie des personnes aveugles.<\/p>\n<h3><strong>Un projet italien avec une forte mission sociale<\/strong><\/h3>\n<p>Fruit de trois ann\u00e9es de recherche par <strong>iVision Tech<\/strong>, une entreprise bas\u00e9e \u00e0 Martignacco (Udine), <i>iSee One<\/i> a \u00e9t\u00e9 d\u00e9velopp\u00e9e en collaboration avec des experts du secteur, des entreprises technologiques de pointe, et des personnes malvoyantes qui ont activement contribu\u00e9 \u00e0 son d\u00e9veloppement. Parmi les figures cl\u00e9s du projet figure <strong>Vincenzo Zoccano<\/strong>, d\u00e9fenseur des droits des aveugles et ancien pr\u00e9sident du Forum italien du handicap, qui a accompagn\u00e9 l\u2019\u00e9quipe de conception pour garantir que l\u2019appareil r\u00e9ponde aux besoins r\u00e9els des utilisateurs.<\/p>\n<h3><strong>O\u00f9 acheter<\/strong><\/h3>\n<p><i>iSee One<\/i> est disponible sur la <strong>plateforme officielle d\u2019e-commerce<\/strong> (<a href=\"https:\/\/www.isee-one.com\/\" target=\"_blank\" rel=\"noopener\">www.isee-one.com<\/a>) \u00e0 un prix d\u2019environ <strong>700 \u20ac<\/strong>, ce qui en fait une option plus accessible compar\u00e9e aux dispositifs d\u2019assistance similaires sur le march\u00e9. L\u2019objectif \u00e0 long terme est d\u2019obtenir la reconnaissance en tant que <strong>dispositif m\u00e9dical<\/strong>, renfor\u00e7ant ainsi son accessibilit\u00e9 pour ceux qui en ont besoin.<\/p>\n<p><strong>D\u00e9couvrez-en plus et venez l\u2019essayer au MIDO !<\/strong><\/p>\n<p><img fetchpriority=\"high\" decoding=\"async\" class=\"alignnone size-full wp-image-3753\" src=\"https:\/\/isee-one.com\/wp-content\/uploads\/2025\/02\/download.jpg\" alt=\"\" width=\"376\" height=\"134\" srcset=\"https:\/\/isee-one.com\/wp-content\/uploads\/2025\/02\/download.jpg 376w, https:\/\/isee-one.com\/wp-content\/uploads\/2025\/02\/download-300x107.jpg 300w\" sizes=\"(max-width: 376px) 100vw, 376px\" \/><\/p>\n<p>Le 8 f\u00e9vrier 2025, notre projet iSee a \u00e9t\u00e9 pr\u00e9sent\u00e9 parmi les innovations du salon lors du TG5 : <a href=\"https:\/\/mediasetinfinity.mediaset.it\/video\/tg5\/edizione-ore-2000-dell8-febbraio_F313645001015501\" target=\"_blank\" rel=\"noopener\">REGARDER LA VID\u00c9O<\/a><\/p>\n<p><img decoding=\"async\" class=\"alignnone size-full wp-image-3755\" src=\"https:\/\/isee-one.com\/wp-content\/uploads\/2025\/02\/67a4f6a1e3233.webp\" alt=\"\" width=\"572\" height=\"429\" srcset=\"https:\/\/isee-one.com\/wp-content\/uploads\/2025\/02\/67a4f6a1e3233.webp 572w, https:\/\/isee-one.com\/wp-content\/uploads\/2025\/02\/67a4f6a1e3233-300x225.webp 300w\" sizes=\"(max-width: 572px) 100vw, 572px\" \/><\/p>\n","protected":false},"excerpt":{"rendered":"<p>De iVision Tech vient une r\u00e9volution en mati\u00e8re d\u2019accessibilit\u00e9 : iSee One, les premi\u00e8res lunettes intelligentes d\u2019assistance enti\u00e8rement con\u00e7ues et fabriqu\u00e9es en Italie, ont \u00e9t\u00e9 pr\u00e9sent\u00e9es officiellement au MIDO \u2013 Salon international de l\u2019optique du 8 au 10 f\u00e9vrier \u00e0 Milan. Une innovation pour la mobilit\u00e9 et la s\u00e9curit\u00e9 iSee One permet aux utilisateurs de [&hellip;]<\/p>\n","protected":false},"author":1,"featured_media":5984,"comment_status":"open","ping_status":"open","sticky":false,"template":"","format":"standard","meta":{"footnotes":""},"categories":[74],"tags":[],"class_list":["post-6187","post","type-post","status-publish","format-standard","has-post-thumbnail","hentry","category-news-fr"],"_links":{"self":[{"href":"https:\/\/isee-one.com\/fr\/wp-json\/wp\/v2\/posts\/6187","targetHints":{"allow":["GET"]}}],"collection":[{"href":"https:\/\/isee-one.com\/fr\/wp-json\/wp\/v2\/posts"}],"about":[{"href":"https:\/\/isee-one.com\/fr\/wp-json\/wp\/v2\/types\/post"}],"author":[{"embeddable":true,"href":"https:\/\/isee-one.com\/fr\/wp-json\/wp\/v2\/users\/1"}],"replies":[{"embeddable":true,"href":"https:\/\/isee-one.com\/fr\/wp-json\/wp\/v2\/comments?post=6187"}],"version-history":[{"count":2,"href":"https:\/\/isee-one.com\/fr\/wp-json\/wp\/v2\/posts\/6187\/revisions"}],"predecessor-version":[{"id":6189,"href":"https:\/\/isee-one.com\/fr\/wp-json\/wp\/v2\/posts\/6187\/revisions\/6189"}],"wp:featuredmedia":[{"embeddable":true,"href":"https:\/\/isee-one.com\/fr\/wp-json\/wp\/v2\/media\/5984"}],"wp:attachment":[{"href":"https:\/\/isee-one.com\/fr\/wp-json\/wp\/v2\/media?parent=6187"}],"wp:term":[{"taxonomy":"category","embeddable":true,"href":"https:\/\/isee-one.com\/fr\/wp-json\/wp\/v2\/categories?post=6187"},{"taxonomy":"post_tag","embeddable":true,"href":"https:\/\/isee-one.com\/fr\/wp-json\/wp\/v2\/tags?post=6187"}],"curies":[{"name":"wp","href":"https:\/\/api.w.org\/{rel}","templated":true}]}}