{"id":5649,"date":"2025-02-26T09:49:51","date_gmt":"2025-02-26T09:49:51","guid":{"rendered":"https:\/\/isee-one.com\/interview-bei-studio-aperto-italia-1-uber-isee-22-februar-2025-1230-uhr\/"},"modified":"2025-05-29T12:38:01","modified_gmt":"2025-05-29T12:38:01","slug":"interview-bei-studio-aperto-italia-1-uber-isee-22-februar-2025-1230-uhr","status":"publish","type":"post","link":"https:\/\/isee-one.com\/de\/interview-bei-studio-aperto-italia-1-uber-isee-22-februar-2025-1230-uhr\/","title":{"rendered":"Interview bei Studio Aperto \u2013 Italia 1 \u2013 \u00fcber iSee, 22. Februar 2025, 12:30 Uhr"},"content":{"rendered":"\t\t<div data-elementor-type=\"wp-post\" data-elementor-id=\"5649\" class=\"elementor elementor-5649 elementor-4179\" data-elementor-post-type=\"post\">\n\t\t\t\t<div class=\"elementor-element elementor-element-0f36f5f e-flex e-con-boxed e-con e-parent\" data-id=\"0f36f5f\" data-element_type=\"container\">\n\t\t\t\t\t<div class=\"e-con-inner\">\n\t\t\t\t<div class=\"elementor-element elementor-element-bb69d63 elementor-widget elementor-widget-text-editor\" data-id=\"bb69d63\" data-element_type=\"widget\" data-widget_type=\"text-editor.default\">\n\t\t\t\t<div class=\"elementor-widget-container\">\n\t\t\t\t\t\t\t\t\t<p>Exklusiv bei <strong>Studio Aperto \u2013 Italia 1<\/strong>, die offizielle Pr\u00e4sentation von <strong>iSee<\/strong>, der innovativen technologischen Brille zur Steigerung der Autonomie von blinden Menschen.<\/p>\n<p>Gesch\u00e4ftsf\u00fchrer Stefano Fulchir wird zusammen mit dem Pr\u00e4sidenten des iSee-Technikausschusses Vincenzo Zoccano und dem Projektleiter Federico Fulchir die technischen Merkmale des Produkts sowie dessen Auswirkungen auf Barrierefreiheit <strong>und Inklusion erl\u00e4utern<\/strong>. Ein revolution\u00e4res Projekt, das einen <strong>bedeutenden Fortschritt in der unterst\u00fctzenden Technologie darstellt.<\/strong> <\/p>\n<p>Studio Aperto \u2013 22. Februar 2025, 12:30 Uhr.<\/p>\n\t\t\t\t\t\t\t\t<\/div>\n\t\t\t\t<\/div>\n\t\t\t\t\t<\/div>\n\t\t\t\t<\/div>\n\t\t<div class=\"elementor-element elementor-element-64a3aee e-flex e-con-boxed e-con e-parent\" data-id=\"64a3aee\" data-element_type=\"container\">\n\t\t\t\t\t<div class=\"e-con-inner\">\n\t\t\t\t<div class=\"elementor-element elementor-element-d961fa6 elementor-widget elementor-widget-video\" data-id=\"d961fa6\" data-element_type=\"widget\" data-settings=\"{&quot;youtube_url&quot;:&quot;https:\\\/\\\/youtu.be\\\/q52AE4Nmz9A&quot;,&quot;video_type&quot;:&quot;youtube&quot;,&quot;controls&quot;:&quot;yes&quot;}\" data-widget_type=\"video.default\">\n\t\t\t\t<div class=\"elementor-widget-container\">\n\t\t\t\t\t\t\t<div class=\"elementor-wrapper elementor-open-inline\">\n\t\t\t<div class=\"elementor-video\"><\/div>\t\t<\/div>\n\t\t\t\t\t\t<\/div>\n\t\t\t\t<\/div>\n\t\t\t\t\t<\/div>\n\t\t\t\t<\/div>\n\t\t\t\t<\/div>\n\t\t","protected":false},"excerpt":{"rendered":"<p>Exklusiv bei Studio Aperto \u2013 Italia 1, die offizielle Pr\u00e4sentation von iSee, der innovativen technologischen Brille zur Steigerung der Autonomie von blinden Menschen. Gesch\u00e4ftsf\u00fchrer Stefano Fulchir wird zusammen mit dem Pr\u00e4sidenten des iSee-Technikausschusses Vincenzo Zoccano und dem Projektleiter Federico Fulchir die technischen Merkmale des Produkts sowie dessen Auswirkungen auf Barrierefreiheit und Inklusion erl\u00e4utern. Ein revolution\u00e4res [&hellip;]<\/p>\n","protected":false},"author":1,"featured_media":5727,"comment_status":"open","ping_status":"open","sticky":false,"template":"","format":"standard","meta":{"footnotes":""},"categories":[73,69],"tags":[],"class_list":["post-5649","post","type-post","status-publish","format-standard","has-post-thumbnail","hentry","category-press-de","category-news-de"],"_links":{"self":[{"href":"https:\/\/isee-one.com\/de\/wp-json\/wp\/v2\/posts\/5649","targetHints":{"allow":["GET"]}}],"collection":[{"href":"https:\/\/isee-one.com\/de\/wp-json\/wp\/v2\/posts"}],"about":[{"href":"https:\/\/isee-one.com\/de\/wp-json\/wp\/v2\/types\/post"}],"author":[{"embeddable":true,"href":"https:\/\/isee-one.com\/de\/wp-json\/wp\/v2\/users\/1"}],"replies":[{"embeddable":true,"href":"https:\/\/isee-one.com\/de\/wp-json\/wp\/v2\/comments?post=5649"}],"version-history":[{"count":3,"href":"https:\/\/isee-one.com\/de\/wp-json\/wp\/v2\/posts\/5649\/revisions"}],"predecessor-version":[{"id":5652,"href":"https:\/\/isee-one.com\/de\/wp-json\/wp\/v2\/posts\/5649\/revisions\/5652"}],"wp:featuredmedia":[{"embeddable":true,"href":"https:\/\/isee-one.com\/de\/wp-json\/wp\/v2\/media\/5727"}],"wp:attachment":[{"href":"https:\/\/isee-one.com\/de\/wp-json\/wp\/v2\/media?parent=5649"}],"wp:term":[{"taxonomy":"category","embeddable":true,"href":"https:\/\/isee-one.com\/de\/wp-json\/wp\/v2\/categories?post=5649"},{"taxonomy":"post_tag","embeddable":true,"href":"https:\/\/isee-one.com\/de\/wp-json\/wp\/v2\/tags?post=5649"}],"curies":[{"name":"wp","href":"https:\/\/api.w.org\/{rel}","templated":true}]}}