{"id":5647,"date":"2025-02-11T20:46:46","date_gmt":"2025-02-11T20:46:46","guid":{"rendered":"https:\/\/isee-one.com\/isee-one-die-technologische-innovation-fur-blinde-feiert-premiere-auf-der-mido\/"},"modified":"2025-05-26T15:49:40","modified_gmt":"2025-05-26T15:49:40","slug":"isee-one-die-technologische-innovation-fur-blinde-feiert-premiere-auf-der-mido","status":"publish","type":"post","link":"https:\/\/isee-one.com\/de\/isee-one-die-technologische-innovation-fur-blinde-feiert-premiere-auf-der-mido\/","title":{"rendered":"iSee One: Die technologische Innovation f\u00fcr Blinde feiert Premiere auf der MIDO"},"content":{"rendered":"<p>Von <strong>iVision Tech <\/strong>kommt eine Revolution in Sachen Barrierefreiheit:<strong> iSee One<\/strong>, die erste unterst\u00fctzende Smartbrille, die vollst\u00e4ndig in Italien entwickelt und hergestellt wird, wurde vom 8. bis 10. Februar auf der <strong>MIDO \u2013 International Eyewear Exhibition<\/strong> in Mailand offiziell vorgestellt.<\/p>\n<h3><strong>Eine Innovation f\u00fcr Mobilit\u00e4t und Sicherheit<\/strong><\/h3>\n<p><strong>iSee One<\/strong> erm\u00f6glicht es Nutzern, ihre Umgebung bis zu<strong> vier Meter weit<\/strong> wahrzunehmen und dank fortschrittlicher Scan- und Audio\u00fcbertragungstechnologie bis zu <strong>30 Hindernisse<\/strong> zu erkennen. Ultraleicht (nur <strong>30 Gramm<\/strong>), intuitiv zu bedienen und mit photochromen Gl\u00e4sern ausgestattet, stellt diese Brille einen bedeutenden Fortschritt f\u00fcr die unabh\u00e4ngige Mobilit\u00e4t blinder Menschen dar. <\/p>\n<h3><strong>Ein italienisches Projekt mit einer starken sozialen Mission<\/strong><\/h3>\n<p>Das Ergebnis von drei Jahren Forschung der<strong> iVision Tech<\/strong>, einem Unternehmen mit Sitz in Martignacco (Udine), ist <strong>iSee One<\/strong>. Das Ger\u00e4t wurde in Zusammenarbeit mit Branchenexperten, f\u00fchrenden Technologieunternehmen und sehbehinderten Personen entwickelt, die aktiv an der Entwicklung beteiligt waren. Zu den wichtigsten Pers\u00f6nlichkeiten des Projekts geh\u00f6rt<strong> Vincenzo Zoccano<\/strong>, ein blinder Aktivist und ehemaliger Pr\u00e4sident des italienischen Behindertenforums, der das Designteam unterst\u00fctzte, um sicherzustellen, dass das Ger\u00e4t den tats\u00e4chlichen Bed\u00fcrfnissen der Nutzer entspricht. <\/p>\n<h3><strong>Wo erh\u00e4ltlich<\/strong><\/h3>\n<p><strong>iSee One <\/strong>ist auf der<strong> offiziellen E-Commerce-Plattform<\/strong> (<a href=\"https:\/\/www.isee-one.com\/\" target=\"_blank\" rel=\"noopener\">www.isee-one.com<\/a>) f\u00fcr rund <strong>700 Euro<\/strong> erh\u00e4ltlich und stellt damit eine g\u00fcnstigere Alternative zu \u00e4hnlichen Hilfsmitteln auf dem Markt dar. Langfristiges Ziel ist die Anerkennung <strong>als Medizinprodukt<\/strong>, um die Zug\u00e4nglichkeit f\u00fcr Betroffene weiter zu verbessern. <\/p>\n<p><strong>Entdecken Sie mehr und probieren Sie es bei MIDO aus!<\/strong><\/p>\n<p><img fetchpriority=\"high\" decoding=\"async\" class=\"alignnone size-full wp-image-3753\" src=\"https:\/\/isee-one.com\/wp-content\/uploads\/2025\/02\/download.jpg\" alt=\"\" width=\"376\" height=\"134\" srcset=\"https:\/\/isee-one.com\/wp-content\/uploads\/2025\/02\/download.jpg 376w, https:\/\/isee-one.com\/wp-content\/uploads\/2025\/02\/download-300x107.jpg 300w\" sizes=\"(max-width: 376px) 100vw, 376px\" \/><\/p>\n<p>Auf der TG5 am 8. Februar 2025 wurde unser iSee-Projekt unter den auf der Ausstellung vorgestellten Innovationen vorgestellt: <a href=\"https:\/\/mediasetinfinity.mediaset.it\/video\/tg5\/edizione-ore-2000-dell8-febbraio_F313645001015501\" target=\"_blank\" rel=\"noopener\">SEHEN SIE DAS VIDEO<\/a><\/p>\n<p><img decoding=\"async\" class=\"alignnone size-full wp-image-3755\" src=\"https:\/\/isee-one.com\/wp-content\/uploads\/2025\/02\/67a4f6a1e3233.webp\" alt=\"\" width=\"572\" height=\"429\" srcset=\"https:\/\/isee-one.com\/wp-content\/uploads\/2025\/02\/67a4f6a1e3233.webp 572w, https:\/\/isee-one.com\/wp-content\/uploads\/2025\/02\/67a4f6a1e3233-300x225.webp 300w\" sizes=\"(max-width: 572px) 100vw, 572px\" \/><\/p>\n","protected":false},"excerpt":{"rendered":"<p>Von iVision Tech kommt eine Revolution in Sachen Barrierefreiheit: iSee One, die erste unterst\u00fctzende Smartbrille, die vollst\u00e4ndig in Italien entwickelt und hergestellt wird, wurde vom 8. bis 10. Februar auf der MIDO \u2013 International Eyewear Exhibition in Mailand offiziell vorgestellt. Eine Innovation f\u00fcr Mobilit\u00e4t und Sicherheit iSee One erm\u00f6glicht es Nutzern, ihre Umgebung bis zu [&hellip;]<\/p>\n","protected":false},"author":1,"featured_media":5734,"comment_status":"open","ping_status":"open","sticky":false,"template":"","format":"standard","meta":{"footnotes":""},"categories":[69],"tags":[],"class_list":["post-5647","post","type-post","status-publish","format-standard","has-post-thumbnail","hentry","category-news-de"],"_links":{"self":[{"href":"https:\/\/isee-one.com\/de\/wp-json\/wp\/v2\/posts\/5647","targetHints":{"allow":["GET"]}}],"collection":[{"href":"https:\/\/isee-one.com\/de\/wp-json\/wp\/v2\/posts"}],"about":[{"href":"https:\/\/isee-one.com\/de\/wp-json\/wp\/v2\/types\/post"}],"author":[{"embeddable":true,"href":"https:\/\/isee-one.com\/de\/wp-json\/wp\/v2\/users\/1"}],"replies":[{"embeddable":true,"href":"https:\/\/isee-one.com\/de\/wp-json\/wp\/v2\/comments?post=5647"}],"version-history":[{"count":1,"href":"https:\/\/isee-one.com\/de\/wp-json\/wp\/v2\/posts\/5647\/revisions"}],"predecessor-version":[{"id":5719,"href":"https:\/\/isee-one.com\/de\/wp-json\/wp\/v2\/posts\/5647\/revisions\/5719"}],"wp:featuredmedia":[{"embeddable":true,"href":"https:\/\/isee-one.com\/de\/wp-json\/wp\/v2\/media\/5734"}],"wp:attachment":[{"href":"https:\/\/isee-one.com\/de\/wp-json\/wp\/v2\/media?parent=5647"}],"wp:term":[{"taxonomy":"category","embeddable":true,"href":"https:\/\/isee-one.com\/de\/wp-json\/wp\/v2\/categories?post=5647"},{"taxonomy":"post_tag","embeddable":true,"href":"https:\/\/isee-one.com\/de\/wp-json\/wp\/v2\/tags?post=5647"}],"curies":[{"name":"wp","href":"https:\/\/api.w.org\/{rel}","templated":true}]}}